{"id":1580,"date":"2023-02-16T10:20:08","date_gmt":"2023-02-16T07:20:08","guid":{"rendered":"http:\/\/pregatimviitorul.ro\/?p=1580"},"modified":"2023-07-18T21:21:15","modified_gmt":"2023-07-18T18:21:15","slug":"1580-2","status":"publish","type":"post","link":"https:\/\/pregatimviitorul.ro\/en\/1580-2\/","title":{"rendered":"Eveniment de prezentare a progresului proiectului"},"content":{"rendered":"<p>\u00cen data de 15 Februarie 2023 a avut loc primul seminar de prezentare a progesului \u00eenregistrat \u00een cadrul proiectului \u00een primele 10 luni de implementare.<\/p>\n<p>\u00cen cadrul seminarului de prezentare a progresului proiectului, al\u0103turi de echipa de implementare a proiectului, responsabilii cu coordonarea activit\u0103\u021bilor \u0219i reprezentan\u021bi ai partenerilor \u0219i colaboratorilor au participat reprezenta\u021bi ai autorit\u0103\u021bilor locale \u0219i jude\u021bene.<\/p>\n<p><strong>Progresul \u00eenregistrat al proiectului \u00een primele 10 luni de implementare este reflectat \u00een urm\u0103toarele rezultate: <\/strong><\/p>\n<p>\u00cen primele 10 luni de implementare a proiectului au beneficiat de servicii ca beneficiari ai proiectului 760 de persoane din Municipiul T\u00e2rn\u0103veni, din comunele Zag\u0103r \u0219i Vii\u0219oara.<\/p>\n<p>\u00cen ce prive\u0219te activit\u0103\u021bile din cadrul proiectului:<\/p>\n<p><strong>Activitatea 6 \u2013 Centrul de zi Buckner:<\/strong> Centrul de zi Buckner deserve\u0219te 120 de copii \u00eencep\u00e2nd cu luna Mai 2022. Copiii beneficiaz\u0103 de asisten\u021b\u0103 social\u0103, asisten\u021b\u0103 medical\u0103 \u0219i educa\u021bie pentru s\u0103n\u0103tate, program educa\u021bional \u0219i de igien\u0103, consiliere psihologic\u0103, o mas\u0103 cald\u0103\/zi \u0219i orientare \u0219colar\u0103 \u0219i voca\u021bional\u0103.<\/p>\n<p><strong>Activitatea 7 \u2013 \u00cenfiin\u021barea, amenajare\/dotare \u0219i func\u021bionare dou\u0103 centre de zi<\/strong>: \u00cencep\u00e2nd cu luna Septembrie 2022 func\u021bioneaz\u0103 \u0219i cele 2 centre de zi nou \u00eenfiin\u021bate \u00een Comuna Zag\u0103r \u0219i Comuna Vii\u0219oara \u00een cadrul c\u0103rora 25 \u0219i respectiv 42 de copiii beneficiaz\u0103 de o mas\u0103 cald\u0103, sprijin cu efectuarea temelor, program de consiliere psihologic\u0103, sprijin material \u0219i activit\u0103\u021bi educativ-recreative.<\/p>\n<p><strong>Activitatea 8 \u2013 Activit\u0103\u021bi de tip SDS:<\/strong> \u00cen cursul lunii Septembrie 2022 a fost lansat \u0219i programul de sprijin educa\u021bional \u0219i de remediere \u0219colar\u0103 de tip SDS care cuprinde 100 de elevi de \u0219coal\u0103 primar\u0103 de la \u0218coala Gimnazial\u0103 nr. 3 \u0219i \u0218c. Vasile Moldovan, \u0219i 100 de liceeni de la liceul Liceul Tehnologic \u0219i Liceul Tehnologic \u201eConstantin Br\u00e2ncu\u0219i\u201d. To\u021bi ace\u0219ti elevi beneficiaz\u0103 de o mas\u0103 cald\u0103\/zi, sprijin cu efectuarea temelor \u0219i cu preg\u0103tirea pentru examenul de Bacalaureat, de orientare \u0219colar\u0103 \u0219i voca\u021bional\u0103 \u0219i de activit\u0103\u021bi recreative.<\/p>\n<p><strong>Activitatea 9 \u2013 Orientarea \u0219colar\u0103 \u0219i voca\u021bional\u0103:<\/strong> \u00eencep\u00e2nd cu luna Mai 2022, 140 de elevi de nivel gimnazial \u0219i tineri liceeni beneficiaz\u0103 de \u0219edin\u021be individuale \u0219i de grup pentru consiliere \u0219i orientare \u0219colar\u0103 \u0219i voca\u021bional\u0103.<\/p>\n<p><strong>Activitatea 10 \u2013 Consiliere parental\u0103:<\/strong> \u00cencep\u00e2nd cu luna Mai 2022, 140 de mame din T\u00e2rn\u0103veni, Zag\u0103r \u0219i Vii\u0219oara beneficiaz\u0103 de program de consiliere parental\u0103 \u00een cadrul acestei activit\u0103\u021bi.<\/p>\n<p><strong>Activitatea 11 \u2013 Evaluarea competen\u021belor profesionale:<\/strong> 220 tineri \u0219i adul\u021bi din Zag\u0103r \u0219i Vii\u0219oara, dintre cei 483 viza\u021bi de proiect, au beneficiat de evaluarea competen\u021belor profesionale \u0219i au primit recomand\u0103ri cu privire la calific\u0103ri sau ocupa\u021bii spre care se pot orienta.<\/p>\n<p><strong>Activitatea 15 \u2013 Curs de comunicare:<\/strong> \u00cen Aprilie 2022 a avut loc un curs de comunicare intercultural\u0103 pentru cadre didactice la care au participat 12 persoane din Mun. T\u00e2rn\u0103veni \u0219i care a fost foarte bine primit fiind de ajutor \u00een comunicarea dasc\u0103l \u2013 elevi, mai ales cu elevi apar\u021bin\u00e2nd minorit\u0103\u021bilor.<\/p>\n<p>\u00cen urma derul\u0103rii tuturor activit\u0103\u021bilor, dar \u00een mod special \u00een cadrul celor ce vizeaz\u0103 copiii \u0219i tinerii, cele mai importante rezultate sunt o schimbarea a comportamentului \u00een bine, \u00eembun\u0103t\u0103\u021birea prezen\u021bei la cursurile \u0219colare, \u00eembog\u0103\u021birea cuno\u0219tin\u021belor \u0219i cre\u0219terea interesului pentru propria educa\u021bie al acestora. Impactul activit\u0103\u021bilor se vede \u0219i \u00een gradul de deschidere \u0219i interesul crescut al p\u0103rin\u021bilor pentru educa\u021bia \u0219i viitorul copiilor lor.<\/p>\n<p>Domnul Hajnal Florin, reprezentantul Agen\u021biei Jude\u021bene pentru Pl\u0103\u021bi \u0219i Inspec\u021bie Social\u0103 Mure\u0219, a declarat: \u201e<em>Este nevoie de un plus de sprijin pentru copiii din comunit\u0103\u021bile vulnerabile pentru a se putea dezvolta \u0219i a se putea integra, deoarce ei nu au suficient\u0103 sus\u021binere acas\u0103. Ascult\u00e2nd toate rezultatele \u00eenregistrate \u00een cadrul acestui proiect, consider c\u0103 un astfel de proiect ar trebui replicat \u0219i \u00een alte comunit\u0103\u021bi \u0219i \u00eencurajez reprezentan\u021bii unit\u0103\u021bilor de \u00eenv\u0103\u021b\u0103m\u00e2nt beneficiare ale proiectului s\u0103 raporteze efectele pozitive \u0219i rezultatele ob\u021binute \u00een urma proiectului c\u0103tre inspectoratul \u0219colar \u0219i autorit\u0103\u021bile locale, pentru a le \u00eencuraja s\u0103 implementeze \u0219i s\u0103 sus\u021bin\u0103 mai multe programe ca acestea.<\/em>\u201d<\/p>\n<p>Domnul Moldovan Dacian, pre\u0219edintele Funda\u021biei Buckner \u2013 Promotor de proiect a afirmat urm\u0103toarele: \u201e<em>\u00cen aceast\u0103 etap\u0103 ne g\u0103sim acolo unde ne-am propus \u0219i aceasta de datoreaz\u0103 muncii sus\u021binute a unei echipe motivate care crede \u00een ceea ce face. Proiectul prezint\u0103 \u0219i provoc\u0103ri, dar dincolo de toate credem \u00een beneficiul pe care acesta \u00eel aduce pentru comunit\u0103\u021bile \u00een care lucr\u0103m. Vom continua implementarea cu \u00eencredere \u0219i cu dorin\u021ba de a continua s\u0103 contribuim la obiectivul general al programului &#8211; Cre\u0219terea incluziunii \u0219i abilitarea romilor \u0219i ob\u021binerea de rezultate pe termen lung.<\/em>\u201d<\/p>\n<p><img decoding=\"async\" class=\"lazyload size-medium wp-image-1581 aligncenter\" src=\"http:\/\/pregatimviitorul.ro\/wp-content\/uploads\/2023\/07\/Evenimente-publice-1-300x225.jpeg\" data-orig-src=\"http:\/\/pregatimviitorul.ro\/wp-content\/uploads\/2023\/07\/Evenimente-publice-1-300x225.jpeg\" alt=\"\" width=\"300\" height=\"225\" srcset=\"data:image\/svg+xml,%3Csvg%20xmlns%3D%27http%3A%2F%2Fwww.w3.org%2F2000%2Fsvg%27%20width%3D%27300%27%20height%3D%27225%27%20viewBox%3D%270%200%20300%20225%27%3E%3Crect%20width%3D%27300%27%20height%3D%27225%27%20fill-opacity%3D%220%22%2F%3E%3C%2Fsvg%3E\" data-srcset=\"https:\/\/pregatimviitorul.ro\/wp-content\/uploads\/2023\/07\/Evenimente-publice-1-16x12.jpeg 16w, https:\/\/pregatimviitorul.ro\/wp-content\/uploads\/2023\/07\/Evenimente-publice-1-200x150.jpeg 200w, https:\/\/pregatimviitorul.ro\/wp-content\/uploads\/2023\/07\/Evenimente-publice-1-300x225.jpeg 300w, https:\/\/pregatimviitorul.ro\/wp-content\/uploads\/2023\/07\/Evenimente-publice-1-400x300.jpeg 400w, https:\/\/pregatimviitorul.ro\/wp-content\/uploads\/2023\/07\/Evenimente-publice-1-600x450.jpeg 600w, https:\/\/pregatimviitorul.ro\/wp-content\/uploads\/2023\/07\/Evenimente-publice-1-768x576.jpeg 768w, https:\/\/pregatimviitorul.ro\/wp-content\/uploads\/2023\/07\/Evenimente-publice-1-800x600.jpeg 800w, https:\/\/pregatimviitorul.ro\/wp-content\/uploads\/2023\/07\/Evenimente-publice-1.jpeg 1024w\" data-sizes=\"auto\" data-orig-sizes=\"(max-width: 300px) 100vw, 300px\" \/><\/p>\n<p><img decoding=\"async\" class=\"lazyload size-medium wp-image-1584 aligncenter\" src=\"http:\/\/pregatimviitorul.ro\/wp-content\/uploads\/2023\/07\/Evenimente-publice-3-300x169.jpeg\" data-orig-src=\"http:\/\/pregatimviitorul.ro\/wp-content\/uploads\/2023\/07\/Evenimente-publice-3-300x169.jpeg\" alt=\"\" width=\"300\" height=\"169\" srcset=\"data:image\/svg+xml,%3Csvg%20xmlns%3D%27http%3A%2F%2Fwww.w3.org%2F2000%2Fsvg%27%20width%3D%27300%27%20height%3D%27169%27%20viewBox%3D%270%200%20300%20169%27%3E%3Crect%20width%3D%27300%27%20height%3D%27169%27%20fill-opacity%3D%220%22%2F%3E%3C%2Fsvg%3E\" data-srcset=\"https:\/\/pregatimviitorul.ro\/wp-content\/uploads\/2023\/07\/Evenimente-publice-3-18x10.jpeg 18w, https:\/\/pregatimviitorul.ro\/wp-content\/uploads\/2023\/07\/Evenimente-publice-3-200x113.jpeg 200w, https:\/\/pregatimviitorul.ro\/wp-content\/uploads\/2023\/07\/Evenimente-publice-3-300x169.jpeg 300w, https:\/\/pregatimviitorul.ro\/wp-content\/uploads\/2023\/07\/Evenimente-publice-3-400x225.jpeg 400w, https:\/\/pregatimviitorul.ro\/wp-content\/uploads\/2023\/07\/Evenimente-publice-3-600x338.jpeg 600w, https:\/\/pregatimviitorul.ro\/wp-content\/uploads\/2023\/07\/Evenimente-publice-3-768x432.jpeg 768w, https:\/\/pregatimviitorul.ro\/wp-content\/uploads\/2023\/07\/Evenimente-publice-3-800x450.jpeg 800w, https:\/\/pregatimviitorul.ro\/wp-content\/uploads\/2023\/07\/Evenimente-publice-3.jpeg 1024w\" data-sizes=\"auto\" data-orig-sizes=\"(max-width: 300px) 100vw, 300px\" \/><\/p>","protected":false},"excerpt":{"rendered":"<p>\u00cen data de 15 Februarie 2023 a avut loc primul [&hellip;]<\/p>","protected":false},"author":2,"featured_media":1583,"comment_status":"open","ping_status":"open","sticky":false,"template":"","format":"standard","meta":{"footnotes":""},"categories":[1],"tags":[],"class_list":["post-1580","post","type-post","status-publish","format-standard","has-post-thumbnail","hentry","category-uncategorized"],"_links":{"self":[{"href":"https:\/\/pregatimviitorul.ro\/en\/wp-json\/wp\/v2\/posts\/1580","targetHints":{"allow":["GET"]}}],"collection":[{"href":"https:\/\/pregatimviitorul.ro\/en\/wp-json\/wp\/v2\/posts"}],"about":[{"href":"https:\/\/pregatimviitorul.ro\/en\/wp-json\/wp\/v2\/types\/post"}],"author":[{"embeddable":true,"href":"https:\/\/pregatimviitorul.ro\/en\/wp-json\/wp\/v2\/users\/2"}],"replies":[{"embeddable":true,"href":"https:\/\/pregatimviitorul.ro\/en\/wp-json\/wp\/v2\/comments?post=1580"}],"version-history":[{"count":2,"href":"https:\/\/pregatimviitorul.ro\/en\/wp-json\/wp\/v2\/posts\/1580\/revisions"}],"predecessor-version":[{"id":1586,"href":"https:\/\/pregatimviitorul.ro\/en\/wp-json\/wp\/v2\/posts\/1580\/revisions\/1586"}],"wp:featuredmedia":[{"embeddable":true,"href":"https:\/\/pregatimviitorul.ro\/en\/wp-json\/wp\/v2\/media\/1583"}],"wp:attachment":[{"href":"https:\/\/pregatimviitorul.ro\/en\/wp-json\/wp\/v2\/media?parent=1580"}],"wp:term":[{"taxonomy":"category","embeddable":true,"href":"https:\/\/pregatimviitorul.ro\/en\/wp-json\/wp\/v2\/categories?post=1580"},{"taxonomy":"post_tag","embeddable":true,"href":"https:\/\/pregatimviitorul.ro\/en\/wp-json\/wp\/v2\/tags?post=1580"}],"curies":[{"name":"wp","href":"https:\/\/api.w.org\/{rel}","templated":true}]}}