{"id":718,"date":"2021-01-28T14:27:11","date_gmt":"2021-01-28T14:27:11","guid":{"rendered":"http:\/\/pregatimviitorul.ro\/?p=718"},"modified":"2022-07-26T13:53:33","modified_gmt":"2022-07-26T10:53:33","slug":"evenimentul-de-lansare-a-proiectului","status":"publish","type":"post","link":"https:\/\/pregatimviitorul.ro\/en\/evenimentul-de-lansare-a-proiectului\/","title":{"rendered":"The project launch event"},"content":{"rendered":"<div class=\"fusion-fullwidth fullwidth-box fusion-builder-row-1 fusion-flex-container nonhundred-percent-fullwidth non-hundred-percent-height-scrolling\" style=\"background-color: rgba(255,255,255,0);background-position: center center;background-repeat: no-repeat;border-width: 0px 0px 0px 0px;border-color:var(--awb-color3);border-style:solid;\" ><div class=\"fusion-builder-row fusion-row fusion-flex-align-items-flex-start\" style=\"max-width:1424.8px;margin-left: calc(-4% \/ 2 );margin-right: calc(-4% \/ 2 );\"><div class=\"fusion-layout-column fusion_builder_column fusion-builder-column-0 fusion_builder_column_1_1 1_1 fusion-flex-column\"><div class=\"fusion-column-wrapper fusion-flex-justify-content-flex-start fusion-content-layout-column\" style=\"background-position:left top;background-repeat:no-repeat;-webkit-background-size:cover;-moz-background-size:cover;-o-background-size:cover;background-size:cover;padding: 0px 0px 0px 0px;\"><div class=\"fusion-text fusion-text-1\"><p><span class=\"s17\">The project launch event took place on April 14, 2022 at the T\u00e2rn\u0103veni Cultural Center, made available by the T\u00e2rn\u0103veni City Hall.<\/span> <span class=\"s17\">la Centrul Cultural T\u00e2rn\u0103veni, pus la dispozi\u021bie de c\u0103tre Prim\u0103ria Municipiului T\u00e2rn\u0103veni. Printre invita\u021bii care ne-au onorat cu prezen\u021ba <\/span><span class=\"s17\">s-au num\u0103rat<\/span><span class=\"s17\">:<\/span><\/p>\n<p><span class=\"s17\">&#8211; Dna. Deak Elida Maria &#8211; Director General Adjunct al DGASPC Mure\u0219<\/span><\/p>\n<p><span class=\"s17\">&#8211; Dl. Florin Hajnal \u2013 Consilier superior din cadrul AJPIS Mure\u0219<\/span><\/p>\n<p><span class=\"s17\">&#8211; Dl. Zelariu Petru \u2013 Consilier Jude\u021bean, Pre\u0219edinte al As. Partida Romilor Mure\u0219<\/span><\/p>\n<p><span class=\"s17\">&#8211; Dna. Petru Mirela Oana &#8211; <\/span><span class=\"s17\">Consilier Superior Compartiment Proiecte cu Finantare Internationala din cadrul Prim\u0103riei T\u00e2rn\u0103veni<\/span><\/p>\n<p><span class=\"s17\">&#8211; Dl. Gurghean Cri\u0219an \u2013 Dir. Executiv al Direc\u021biei Poli\u021biei Locale din cadrul Prim\u0103riei Mun. T\u00e2rn\u0103veni<\/span><\/p>\n<p><span class=\"s17\">&#8211; Dna<\/span><span class=\"s17\">. Solomon Cristina \u2013 Consilier \u00een cadrul Prim\u0103riei Vii\u0219oara<\/span><\/p>\n<p><span class=\"s17\">&#8211; Dl. Medrea Olimpiu \u2013 Director al Liceului Tehnologic T\u00e2rn\u0103veni<\/span><\/p>\n<p><span class=\"s17\">&#8211; Dna<\/span><span class=\"s17\">. <\/span><span class=\"s17\">Toderu\u021b Nicoleta \u2013 Director al \u0218colii Gimnaziale nr.<\/span><span class=\"s17\"> 3 din T\u00e2rn\u0103veni<\/span><\/p>\n<p><span class=\"s17\">&#8211; Membri echipei de implementare a proiectului din partea partenerilor \u0219i colaboratorilor<\/span><\/p>\n<p><span class=\"s17\">The information about the project, financier, budget, objectives, proposed results, were presented by the President of the Buckner Foundation - Moldovan Dacian (Project Coordinator), Liviu Turcu - Coordinating Director of the Buckner Day Center and Szabo Gabriela - Assistant Coordinator. Also took the floor Mrs. Deak Elida, Mr. Florin Hajnal and Mrs. Petru Mirela Oana, all considering the project's integrated intervention timely and extremely necessary in the targeted communities. <\/span><span class=\"s17\">Dna<\/span><span class=\"s17\">. Deak Elida, Dl. Florin Hajnal \u0219i <\/span><span class=\"s17\">Dna<\/span><span class=\"s17\">. Petru Mirela Oana, cu to\u021bii consider\u00e2nd interven\u021bia integrat\u0103 a proiectului una oportun\u0103 \u0219i extrem de necesar\u0103 \u00een comunit\u0103\u021bile vizate. <\/span><\/p>\n<p class=\"translation-block\">On the occasion of the launch, Moldovan Drago\u0219 Dacian, president of the Buckner Foundation, said: \"The launch of this project is an important moment for the Buckner Foundation. Today's event is also possible thanks to the support of each institution, each partner and each collaborator represented here. Working together in this project, we aim to plant a seed of good deeds for the benefit of the vulnerable, and we are convinced that through sustained work, responsibility and involvement we will contribute to change in the marginalized communities of T\u00e2rn\u0103veni, Zag\u0103r and Vii\u0219oara.\"<\/p>\n<\/div><div ><style>.fusion-imageframe.imageframe-1{ margin-bottom : 30px;}<\/style><span class=\"fusion-imageframe imageframe-none imageframe-1 hover-type-none\"><img decoding=\"async\" width=\"1024\" height=\"618\" title=\"Lansare\" src=\"https:\/\/pregatimviitorul.ro\/wp-content\/uploads\/2021\/01\/Lansare.jpg\" data-orig-src=\"http:\/\/pregatimviitorul.ro\/wp-content\/uploads\/2021\/01\/Lansare.jpg\" alt class=\"lazyload img-responsive wp-image-1470\" srcset=\"data:image\/svg+xml,%3Csvg%20xmlns%3D%27http%3A%2F%2Fwww.w3.org%2F2000%2Fsvg%27%20width%3D%271024%27%20height%3D%27618%27%20viewBox%3D%270%200%201024%20618%27%3E%3Crect%20width%3D%271024%27%20height%3D%27618%27%20fill-opacity%3D%220%22%2F%3E%3C%2Fsvg%3E\" data-srcset=\"https:\/\/pregatimviitorul.ro\/wp-content\/uploads\/2021\/01\/Lansare-200x121.jpg 200w, https:\/\/pregatimviitorul.ro\/wp-content\/uploads\/2021\/01\/Lansare-400x241.jpg 400w, https:\/\/pregatimviitorul.ro\/wp-content\/uploads\/2021\/01\/Lansare-600x362.jpg 600w, https:\/\/pregatimviitorul.ro\/wp-content\/uploads\/2021\/01\/Lansare-800x483.jpg 800w, https:\/\/pregatimviitorul.ro\/wp-content\/uploads\/2021\/01\/Lansare.jpg 1024w\" data-sizes=\"auto\" data-orig-sizes=\"(max-width: 820px) 100vw, 1024px\" \/><\/span><\/div><div ><span class=\"fusion-imageframe imageframe-none imageframe-2 hover-type-none\"><img decoding=\"async\" width=\"1024\" height=\"683\" title=\"Lansare 2\" src=\"https:\/\/pregatimviitorul.ro\/wp-content\/uploads\/2021\/01\/Lansare-2.jpg\" data-orig-src=\"http:\/\/pregatimviitorul.ro\/wp-content\/uploads\/2021\/01\/Lansare-2.jpg\" alt class=\"lazyload img-responsive wp-image-1471\" srcset=\"data:image\/svg+xml,%3Csvg%20xmlns%3D%27http%3A%2F%2Fwww.w3.org%2F2000%2Fsvg%27%20width%3D%271024%27%20height%3D%27683%27%20viewBox%3D%270%200%201024%20683%27%3E%3Crect%20width%3D%271024%27%20height%3D%27683%27%20fill-opacity%3D%220%22%2F%3E%3C%2Fsvg%3E\" data-srcset=\"https:\/\/pregatimviitorul.ro\/wp-content\/uploads\/2021\/01\/Lansare-2-200x133.jpg 200w, https:\/\/pregatimviitorul.ro\/wp-content\/uploads\/2021\/01\/Lansare-2-400x267.jpg 400w, https:\/\/pregatimviitorul.ro\/wp-content\/uploads\/2021\/01\/Lansare-2-600x400.jpg 600w, https:\/\/pregatimviitorul.ro\/wp-content\/uploads\/2021\/01\/Lansare-2-800x534.jpg 800w, https:\/\/pregatimviitorul.ro\/wp-content\/uploads\/2021\/01\/Lansare-2.jpg 1024w\" data-sizes=\"auto\" data-orig-sizes=\"(max-width: 820px) 100vw, 1024px\" \/><\/span><\/div><div class=\"fusion-separator fusion-full-width-sep\" style=\"align-self: center;margin-left: auto;margin-right: auto;margin-top:40px;margin-bottom:40px;width:100%;\"><div class=\"fusion-separator-border sep-single sep-solid\" style=\"border-color:var(--awb-color3);border-top-width:1px;\"><\/div><\/div><\/div><style type=\"text\/css\">.fusion-body .fusion-builder-column-0{width:100% !important;margin-top : 0px;margin-bottom : 0px;}.fusion-builder-column-0 > .fusion-column-wrapper {padding-top : 0px !important;padding-right : 0px !important;margin-right : 1.92%;padding-bottom : 0px !important;padding-left : 0px !important;margin-left : 1.92%;}@media only screen and (max-width:1265px) {.fusion-body .fusion-builder-column-0{width:100% !important;}.fusion-builder-column-0 > .fusion-column-wrapper {margin-right : 1.92%;margin-left : 1.92%;}}@media only screen and (max-width:820px) {.fusion-body .fusion-builder-column-0{width:100% !important;}.fusion-builder-column-0 > .fusion-column-wrapper {margin-right : 1.92%;margin-left : 1.92%;}}<\/style><\/div><\/div><style type=\"text\/css\">.fusion-body .fusion-flex-container.fusion-builder-row-1{ padding-top : 0px;margin-top : 0px;padding-right : 0px;padding-bottom : 0px;margin-bottom : 0px;padding-left : 0px;}<\/style><\/div>","protected":false},"excerpt":{"rendered":"","protected":false},"author":1,"featured_media":1470,"comment_status":"open","ping_status":"open","sticky":false,"template":"","format":"standard","meta":{"footnotes":""},"categories":[4],"tags":[],"class_list":["post-718","post","type-post","status-publish","format-standard","has-post-thumbnail","hentry","category-stiri"],"_links":{"self":[{"href":"https:\/\/pregatimviitorul.ro\/en\/wp-json\/wp\/v2\/posts\/718","targetHints":{"allow":["GET"]}}],"collection":[{"href":"https:\/\/pregatimviitorul.ro\/en\/wp-json\/wp\/v2\/posts"}],"about":[{"href":"https:\/\/pregatimviitorul.ro\/en\/wp-json\/wp\/v2\/types\/post"}],"author":[{"embeddable":true,"href":"https:\/\/pregatimviitorul.ro\/en\/wp-json\/wp\/v2\/users\/1"}],"replies":[{"embeddable":true,"href":"https:\/\/pregatimviitorul.ro\/en\/wp-json\/wp\/v2\/comments?post=718"}],"version-history":[{"count":6,"href":"https:\/\/pregatimviitorul.ro\/en\/wp-json\/wp\/v2\/posts\/718\/revisions"}],"predecessor-version":[{"id":1472,"href":"https:\/\/pregatimviitorul.ro\/en\/wp-json\/wp\/v2\/posts\/718\/revisions\/1472"}],"wp:featuredmedia":[{"embeddable":true,"href":"https:\/\/pregatimviitorul.ro\/en\/wp-json\/wp\/v2\/media\/1470"}],"wp:attachment":[{"href":"https:\/\/pregatimviitorul.ro\/en\/wp-json\/wp\/v2\/media?parent=718"}],"wp:term":[{"taxonomy":"category","embeddable":true,"href":"https:\/\/pregatimviitorul.ro\/en\/wp-json\/wp\/v2\/categories?post=718"},{"taxonomy":"post_tag","embeddable":true,"href":"https:\/\/pregatimviitorul.ro\/en\/wp-json\/wp\/v2\/tags?post=718"}],"curies":[{"name":"wp","href":"https:\/\/api.w.org\/{rel}","templated":true}]}}